{"id":997,"date":"2016-06-19T06:25:56","date_gmt":"2016-06-19T04:25:56","guid":{"rendered":"http:\/\/www.feuerwehr-wittenborn.de\/?p=997"},"modified":"2016-06-19T06:25:56","modified_gmt":"2016-06-19T04:25:56","slug":"einsatzbericht-19-06-2016","status":"publish","type":"post","link":"http:\/\/www.feuerwehr-wittenborn.de\/?p=997","title":{"rendered":"\u00a0Einsatzbericht 19.06.2016"},"content":{"rendered":"<p>Um 14.36 Uhr wurde der Gemeindewehrf\u00fchrer telefonisch von einem aufmerksamen Spazierg\u00e4nger dar\u00fcber informiert, dass an der Seestra\u00dfe in Richtung Campingplatz Wei\u00dfer Brunnen, in einem Baum, ein gro\u00dfer Ast lose h\u00e4ngen w\u00fcrde. Der Wehrf\u00fchrer und ein weiterer Kamerad sind daraufhin zu der Einsatzstelle gefahren. Es wurde festgestellt, dass keine unmittelbare Gefahr von dem Ast ausging und ein weiterer Einsatz der Feuerwehr nicht notwendig ist. Da das Waldst\u00fcck zum angrenzenden Campingplatz geh\u00f6rt, wurde der zust\u00e4ndige Platzwart informiert. Ihm wurde von der Wehrf\u00fchrung auferlegt, daf\u00fcr Sorge zu tragen, dass der Ast zeitnah beseitigt wird.<\/p>\n","protected":false},"excerpt":{"rendered":"<p>Um 14.36 Uhr wurde der Gemeindewehrf\u00fchrer telefonisch von einem aufmerksamen Spazierg\u00e4nger dar\u00fcber informiert, dass an der Seestra\u00dfe in Richtung Campingplatz Wei\u00dfer Brunnen, in einem Baum, ein gro\u00dfer Ast lose h\u00e4ngen w\u00fcrde. Der Wehrf\u00fchrer und ein weiterer Kamerad sind daraufhin zu &hellip; <a href=\"http:\/\/www.feuerwehr-wittenborn.de\/?p=997\">Weiterlesen <span class=\"meta-nav\">&rarr;<\/span><\/a><\/p>\n","protected":false},"author":4,"featured_media":0,"comment_status":"open","ping_status":"open","sticky":false,"template":"","format":"standard","meta":{"jetpack_post_was_ever_published":false,"_jetpack_newsletter_access":"","jetpack_publicize_message":"","jetpack_is_tweetstorm":false,"jetpack_publicize_feature_enabled":true,"jetpack_social_post_already_shared":true,"jetpack_social_options":{"image_generator_settings":{"template":"highway","enabled":false}}},"categories":[3,13],"tags":[],"jetpack_publicize_connections":[],"jetpack_featured_media_url":"","jetpack_shortlink":"https:\/\/wp.me\/p1A8ly-g5","jetpack_sharing_enabled":true,"_links":{"self":[{"href":"http:\/\/www.feuerwehr-wittenborn.de\/index.php?rest_route=\/wp\/v2\/posts\/997"}],"collection":[{"href":"http:\/\/www.feuerwehr-wittenborn.de\/index.php?rest_route=\/wp\/v2\/posts"}],"about":[{"href":"http:\/\/www.feuerwehr-wittenborn.de\/index.php?rest_route=\/wp\/v2\/types\/post"}],"author":[{"embeddable":true,"href":"http:\/\/www.feuerwehr-wittenborn.de\/index.php?rest_route=\/wp\/v2\/users\/4"}],"replies":[{"embeddable":true,"href":"http:\/\/www.feuerwehr-wittenborn.de\/index.php?rest_route=%2Fwp%2Fv2%2Fcomments&post=997"}],"version-history":[{"count":0,"href":"http:\/\/www.feuerwehr-wittenborn.de\/index.php?rest_route=\/wp\/v2\/posts\/997\/revisions"}],"wp:attachment":[{"href":"http:\/\/www.feuerwehr-wittenborn.de\/index.php?rest_route=%2Fwp%2Fv2%2Fmedia&parent=997"}],"wp:term":[{"taxonomy":"category","embeddable":true,"href":"http:\/\/www.feuerwehr-wittenborn.de\/index.php?rest_route=%2Fwp%2Fv2%2Fcategories&post=997"},{"taxonomy":"post_tag","embeddable":true,"href":"http:\/\/www.feuerwehr-wittenborn.de\/index.php?rest_route=%2Fwp%2Fv2%2Ftags&post=997"}],"curies":[{"name":"wp","href":"https:\/\/api.w.org\/{rel}","templated":true}]}}