{"id":2856,"date":"2025-11-16T20:13:59","date_gmt":"2025-11-16T19:13:59","guid":{"rendered":"http:\/\/www.feuerwehr-wittenborn.de\/?p=2856"},"modified":"2025-11-16T20:13:59","modified_gmt":"2025-11-16T19:13:59","slug":"kranzniederlegung-am-volkstrauertag","status":"publish","type":"post","link":"http:\/\/www.feuerwehr-wittenborn.de\/?p=2856","title":{"rendered":"Kranzniederlegung am Volkstrauertag"},"content":{"rendered":"\n<p>Am Volkstrauertag gedenkt die Feuerwehr Wittenborn gemeinsam mit der Gemeinde den Opfern von Krieg, Gewalt und Terror.<\/p>\n\n\n\n<p>Mit der Kranzniederlegung ehren wir die Menschen, die in Weltkriegen, Konflikten und durch Gewaltherrschaft ihr Leben verloren haben \u2013 ebenso wie jene, die bis heute unter Krieg, Flucht und Unterdr\u00fcckung leiden.<\/p>\n\n\n\n<p>Unser Dienst in der Feuerwehr steht f\u00fcr Schutz, Hilfe und Zusammenhalt. Der Kranz soll unser Mitgef\u00fchl und unser Versprechen symbolisieren, Verantwortung zu \u00fcbernehmen und f\u00fcr eine friedliche Gesellschaft einzutreten.<\/p>\n\n\n\n<p>Gott zur Ehr, dem N\u00e4chsten zur Wehr<\/p>\n\n\n\n<div class=\"wp-block-jetpack-tiled-gallery is-style-square\"><div class=\"tiled-gallery__gallery\"><div class=\"tiled-gallery__row columns-1\"><div class=\"tiled-gallery__col\"><figure class=\"tiled-gallery__item\"><img decoding=\"async\" srcset=\"https:\/\/i1.wp.com\/www.feuerwehr-wittenborn.de\/wp-content\/uploads\/2025\/11\/IMG-20251116-WA0035-768x1024.jpg?resize=600,600&#038;strip=info 600w,https:\/\/i1.wp.com\/www.feuerwehr-wittenborn.de\/wp-content\/uploads\/2025\/11\/IMG-20251116-WA0035-768x1024.jpg?resize=900,900&#038;strip=info 900w,https:\/\/i1.wp.com\/www.feuerwehr-wittenborn.de\/wp-content\/uploads\/2025\/11\/IMG-20251116-WA0035-768x1024.jpg?resize=1200,1200&#038;strip=info 1200w,https:\/\/i1.wp.com\/www.feuerwehr-wittenborn.de\/wp-content\/uploads\/2025\/11\/IMG-20251116-WA0035-768x1024.jpg?resize=1500,1500&#038;strip=info 1500w\" alt=\"\" data-height=\"2000\" data-id=\"2855\" data-link=\"http:\/\/www.feuerwehr-wittenborn.de\/?attachment_id=2855\" data-url=\"http:\/\/www.feuerwehr-wittenborn.de\/wp-content\/uploads\/2025\/11\/IMG-20251116-WA0035-768x1024.jpg\" data-width=\"1500\" src=\"https:\/\/i1.wp.com\/www.feuerwehr-wittenborn.de\/wp-content\/uploads\/2025\/11\/IMG-20251116-WA0035-768x1024.jpg?resize=1500%2C1500\" data-amp-layout=\"responsive\"\/><\/figure><\/div><\/div><div class=\"tiled-gallery__row columns-3\"><div class=\"tiled-gallery__col\"><figure class=\"tiled-gallery__item\"><img decoding=\"async\" srcset=\"https:\/\/i1.wp.com\/www.feuerwehr-wittenborn.de\/wp-content\/uploads\/2025\/11\/IMG-20251116-WA0006-768x1024.jpg?resize=600,600&#038;strip=info 600w,https:\/\/i1.wp.com\/www.feuerwehr-wittenborn.de\/wp-content\/uploads\/2025\/11\/IMG-20251116-WA0006-768x1024.jpg?resize=900,900&#038;strip=info 900w,https:\/\/i1.wp.com\/www.feuerwehr-wittenborn.de\/wp-content\/uploads\/2025\/11\/IMG-20251116-WA0006-768x1024.jpg?resize=1200,1200&#038;strip=info 1200w,https:\/\/i1.wp.com\/www.feuerwehr-wittenborn.de\/wp-content\/uploads\/2025\/11\/IMG-20251116-WA0006-768x1024.jpg?resize=1500,1500&#038;strip=info 1500w\" alt=\"\" data-height=\"2000\" data-id=\"2852\" data-link=\"http:\/\/www.feuerwehr-wittenborn.de\/?attachment_id=2852\" data-url=\"http:\/\/www.feuerwehr-wittenborn.de\/wp-content\/uploads\/2025\/11\/IMG-20251116-WA0006-768x1024.jpg\" data-width=\"1500\" src=\"https:\/\/i1.wp.com\/www.feuerwehr-wittenborn.de\/wp-content\/uploads\/2025\/11\/IMG-20251116-WA0006-768x1024.jpg?resize=1500%2C1500\" data-amp-layout=\"responsive\"\/><\/figure><\/div><div class=\"tiled-gallery__col\"><figure class=\"tiled-gallery__item\"><img decoding=\"async\" srcset=\"https:\/\/i1.wp.com\/www.feuerwehr-wittenborn.de\/wp-content\/uploads\/2025\/11\/IMG-20251116-WA0022-577x1024.jpg?resize=600,600&#038;strip=info 600w,https:\/\/i1.wp.com\/www.feuerwehr-wittenborn.de\/wp-content\/uploads\/2025\/11\/IMG-20251116-WA0022-577x1024.jpg?resize=900,900&#038;strip=info 900w,https:\/\/i1.wp.com\/www.feuerwehr-wittenborn.de\/wp-content\/uploads\/2025\/11\/IMG-20251116-WA0022-577x1024.jpg?resize=1126,1126&#038;strip=info 1126w\" alt=\"\" data-height=\"2000\" data-id=\"2853\" data-link=\"http:\/\/www.feuerwehr-wittenborn.de\/?attachment_id=2853\" data-url=\"http:\/\/www.feuerwehr-wittenborn.de\/wp-content\/uploads\/2025\/11\/IMG-20251116-WA0022-577x1024.jpg\" data-width=\"1126\" src=\"https:\/\/i1.wp.com\/www.feuerwehr-wittenborn.de\/wp-content\/uploads\/2025\/11\/IMG-20251116-WA0022-577x1024.jpg?resize=1126%2C1126\" data-amp-layout=\"responsive\"\/><\/figure><\/div><div class=\"tiled-gallery__col\"><figure class=\"tiled-gallery__item\"><img decoding=\"async\" srcset=\"https:\/\/i2.wp.com\/www.feuerwehr-wittenborn.de\/wp-content\/uploads\/2025\/11\/IMG-20251116-WA0033-768x1024.jpg?resize=600,600&#038;strip=info 600w,https:\/\/i2.wp.com\/www.feuerwehr-wittenborn.de\/wp-content\/uploads\/2025\/11\/IMG-20251116-WA0033-768x1024.jpg?resize=900,900&#038;strip=info 900w,https:\/\/i2.wp.com\/www.feuerwehr-wittenborn.de\/wp-content\/uploads\/2025\/11\/IMG-20251116-WA0033-768x1024.jpg?resize=1200,1200&#038;strip=info 1200w,https:\/\/i2.wp.com\/www.feuerwehr-wittenborn.de\/wp-content\/uploads\/2025\/11\/IMG-20251116-WA0033-768x1024.jpg?resize=1500,1500&#038;strip=info 1500w\" alt=\"\" data-height=\"2000\" data-id=\"2854\" data-link=\"http:\/\/www.feuerwehr-wittenborn.de\/?attachment_id=2854\" data-url=\"http:\/\/www.feuerwehr-wittenborn.de\/wp-content\/uploads\/2025\/11\/IMG-20251116-WA0033-768x1024.jpg\" data-width=\"1500\" src=\"https:\/\/i2.wp.com\/www.feuerwehr-wittenborn.de\/wp-content\/uploads\/2025\/11\/IMG-20251116-WA0033-768x1024.jpg?resize=1500%2C1500\" data-amp-layout=\"responsive\"\/><\/figure><\/div><\/div><\/div><\/div>\n","protected":false},"excerpt":{"rendered":"<p>Am Volkstrauertag gedenkt die Feuerwehr Wittenborn gemeinsam mit der Gemeinde den Opfern von Krieg, Gewalt und Terror. Mit der Kranzniederlegung ehren wir die Menschen, die in Weltkriegen, Konflikten und durch Gewaltherrschaft ihr Leben verloren haben \u2013 ebenso wie jene, die &hellip; <a href=\"http:\/\/www.feuerwehr-wittenborn.de\/?p=2856\">Weiterlesen <span class=\"meta-nav\">&rarr;<\/span><\/a><\/p>\n","protected":false},"author":6,"featured_media":0,"comment_status":"closed","ping_status":"closed","sticky":false,"template":"","format":"standard","meta":{"jetpack_post_was_ever_published":false,"_jetpack_newsletter_access":"","jetpack_publicize_message":"","jetpack_is_tweetstorm":false,"jetpack_publicize_feature_enabled":false,"jetpack_social_post_already_shared":false,"jetpack_social_options":{"image_generator_settings":{"template":"highway","enabled":false}}},"categories":[40,8,75],"tags":[],"jetpack_publicize_connections":[],"jetpack_featured_media_url":"","jetpack_shortlink":"https:\/\/wp.me\/p1A8ly-K4","jetpack_sharing_enabled":true,"_links":{"self":[{"href":"http:\/\/www.feuerwehr-wittenborn.de\/index.php?rest_route=\/wp\/v2\/posts\/2856"}],"collection":[{"href":"http:\/\/www.feuerwehr-wittenborn.de\/index.php?rest_route=\/wp\/v2\/posts"}],"about":[{"href":"http:\/\/www.feuerwehr-wittenborn.de\/index.php?rest_route=\/wp\/v2\/types\/post"}],"author":[{"embeddable":true,"href":"http:\/\/www.feuerwehr-wittenborn.de\/index.php?rest_route=\/wp\/v2\/users\/6"}],"replies":[{"embeddable":true,"href":"http:\/\/www.feuerwehr-wittenborn.de\/index.php?rest_route=%2Fwp%2Fv2%2Fcomments&post=2856"}],"version-history":[{"count":1,"href":"http:\/\/www.feuerwehr-wittenborn.de\/index.php?rest_route=\/wp\/v2\/posts\/2856\/revisions"}],"predecessor-version":[{"id":2857,"href":"http:\/\/www.feuerwehr-wittenborn.de\/index.php?rest_route=\/wp\/v2\/posts\/2856\/revisions\/2857"}],"wp:attachment":[{"href":"http:\/\/www.feuerwehr-wittenborn.de\/index.php?rest_route=%2Fwp%2Fv2%2Fmedia&parent=2856"}],"wp:term":[{"taxonomy":"category","embeddable":true,"href":"http:\/\/www.feuerwehr-wittenborn.de\/index.php?rest_route=%2Fwp%2Fv2%2Fcategories&post=2856"},{"taxonomy":"post_tag","embeddable":true,"href":"http:\/\/www.feuerwehr-wittenborn.de\/index.php?rest_route=%2Fwp%2Fv2%2Ftags&post=2856"}],"curies":[{"name":"wp","href":"https:\/\/api.w.org\/{rel}","templated":true}]}}