{"id":2703,"date":"2025-07-24T16:21:12","date_gmt":"2025-07-24T14:21:12","guid":{"rendered":"http:\/\/www.feuerwehr-wittenborn.de\/?p=2703"},"modified":"2025-07-24T16:21:12","modified_gmt":"2025-07-24T14:21:12","slug":"funk-und-fahruebung-2025","status":"publish","type":"post","link":"http:\/\/www.feuerwehr-wittenborn.de\/?p=2703","title":{"rendered":"Funk und Fahr\u00fcbung 2025"},"content":{"rendered":"\n<p>Am Freitag, den 20.06.2025, fand die diesj\u00e4hrige Funk und Fahr\u00fcbung des ersten Wachbereichs statt. Auch in diesem Jahr musste jede Wehr eine eigene Aufgabe ausrichten, sowie mit den eigenen Fahrzeugen die Aufgaben der anderen Feuerwehren anfahren und abarbeiten. W\u00e4hrend der gesamten \u00dcbung musste zus\u00e4tzlich der Funkverkehr mit der F\u00fchrungsgruppe in der \u00dcbungsleitstelle und mit den anderen teilnehmenden Gruppen aufrechterhalten werden. Die Funk und Fahr\u00fcbung sorgt daf\u00fcr, dass die Funkkenntnisse der Kameraden aufgefrischt werden, au\u00dferdem bekommen die Maschinisten so Fahrpraxis und die Zusammenarbeit der verschiedenen Wehren wird gest\u00e4rkt. Abschluss der \u00dcbung war in diesem Jahr am Feuerwehrhaus in Todesfelde, die Kameraden spendierten zu ihrem Sieg im letzten Jahr Essen und Trinken f\u00fcr alle Teilnehmer.Gewonnen hat in diesem Jahr die Gruppe des 36\/44\/05 aus Wittenborn. Wir bedanken uns bei allen f\u00fcr die tolle Zusammenarbeit und besonders bei der F\u00fchrungsgruppe Wittenborn f\u00fcr das Ausarbeiten und Betreuen der Funk und Fahr\u00fcbung.<\/p>\n\n\n\n<div class=\"wp-block-group is-layout-constrained\"><div class=\"wp-block-group__inner-container\">\n<div class=\"wp-block-jetpack-tiled-gallery aligncenter is-style-rectangular\"><div class=\"tiled-gallery__gallery\"><div class=\"tiled-gallery__row\"><div class=\"tiled-gallery__col\" style=\"flex-basis:63.91807%\"><figure class=\"tiled-gallery__item\"><img decoding=\"async\" srcset=\"https:\/\/i0.wp.com\/www.feuerwehr-wittenborn.de\/wp-content\/uploads\/2025\/07\/20250620_230535-1024x768.jpg?strip=info&#038;w=600 600w,https:\/\/i0.wp.com\/www.feuerwehr-wittenborn.de\/wp-content\/uploads\/2025\/07\/20250620_230535-1024x768.jpg?strip=info&#038;w=900 900w,https:\/\/i0.wp.com\/www.feuerwehr-wittenborn.de\/wp-content\/uploads\/2025\/07\/20250620_230535-1024x768.jpg?strip=info&#038;w=1200 1200w,https:\/\/i0.wp.com\/www.feuerwehr-wittenborn.de\/wp-content\/uploads\/2025\/07\/20250620_230535-1024x768.jpg?strip=info&#038;w=1500 1500w,https:\/\/i0.wp.com\/www.feuerwehr-wittenborn.de\/wp-content\/uploads\/2025\/07\/20250620_230535-1024x768.jpg?strip=info&#038;w=1800 1800w,https:\/\/i0.wp.com\/www.feuerwehr-wittenborn.de\/wp-content\/uploads\/2025\/07\/20250620_230535-1024x768.jpg?strip=info&#038;w=2000 2000w\" alt=\"\" data-height=\"6120\" data-id=\"2685\" data-link=\"http:\/\/www.feuerwehr-wittenborn.de\/?attachment_id=2685\" data-url=\"http:\/\/www.feuerwehr-wittenborn.de\/wp-content\/uploads\/2025\/07\/20250620_230535-1024x768.jpg\" data-width=\"8160\" src=\"https:\/\/i0.wp.com\/www.feuerwehr-wittenborn.de\/wp-content\/uploads\/2025\/07\/20250620_230535-1024x768.jpg\" data-amp-layout=\"responsive\"\/><\/figure><\/div><div class=\"tiled-gallery__col\" style=\"flex-basis:36.08193%\"><figure class=\"tiled-gallery__item\"><img decoding=\"async\" srcset=\"https:\/\/i2.wp.com\/www.feuerwehr-wittenborn.de\/wp-content\/uploads\/2025\/07\/20250620_214549-768x1024.jpg?strip=info&#038;w=600 600w,https:\/\/i2.wp.com\/www.feuerwehr-wittenborn.de\/wp-content\/uploads\/2025\/07\/20250620_214549-768x1024.jpg?strip=info&#038;w=900 900w,https:\/\/i2.wp.com\/www.feuerwehr-wittenborn.de\/wp-content\/uploads\/2025\/07\/20250620_214549-768x1024.jpg?strip=info&#038;w=1200 1200w,https:\/\/i2.wp.com\/www.feuerwehr-wittenborn.de\/wp-content\/uploads\/2025\/07\/20250620_214549-768x1024.jpg?strip=info&#038;w=1500 1500w,https:\/\/i2.wp.com\/www.feuerwehr-wittenborn.de\/wp-content\/uploads\/2025\/07\/20250620_214549-768x1024.jpg?strip=info&#038;w=1800 1800w,https:\/\/i2.wp.com\/www.feuerwehr-wittenborn.de\/wp-content\/uploads\/2025\/07\/20250620_214549-768x1024.jpg?strip=info&#038;w=1920 1920w\" alt=\"\" data-height=\"2560\" data-id=\"2704\" data-link=\"http:\/\/www.feuerwehr-wittenborn.de\/?attachment_id=2704\" data-url=\"http:\/\/www.feuerwehr-wittenborn.de\/wp-content\/uploads\/2025\/07\/20250620_214549-768x1024.jpg\" data-width=\"1920\" src=\"https:\/\/i2.wp.com\/www.feuerwehr-wittenborn.de\/wp-content\/uploads\/2025\/07\/20250620_214549-768x1024.jpg\" data-amp-layout=\"responsive\"\/><\/figure><\/div><\/div><div class=\"tiled-gallery__row\"><div class=\"tiled-gallery__col\" style=\"flex-basis:66.91635%\"><figure class=\"tiled-gallery__item\"><img decoding=\"async\" srcset=\"https:\/\/i1.wp.com\/www.feuerwehr-wittenborn.de\/wp-content\/uploads\/2025\/07\/IMG-20250621-WA0016-1024x768.jpg?strip=info&#038;w=600 600w,https:\/\/i1.wp.com\/www.feuerwehr-wittenborn.de\/wp-content\/uploads\/2025\/07\/IMG-20250621-WA0016-1024x768.jpg?strip=info&#038;w=900 900w,https:\/\/i1.wp.com\/www.feuerwehr-wittenborn.de\/wp-content\/uploads\/2025\/07\/IMG-20250621-WA0016-1024x768.jpg?strip=info&#038;w=1200 1200w,https:\/\/i1.wp.com\/www.feuerwehr-wittenborn.de\/wp-content\/uploads\/2025\/07\/IMG-20250621-WA0016-1024x768.jpg?strip=info&#038;w=1500 1500w,https:\/\/i1.wp.com\/www.feuerwehr-wittenborn.de\/wp-content\/uploads\/2025\/07\/IMG-20250621-WA0016-1024x768.jpg?strip=info&#038;w=1600 1600w\" alt=\"\" data-height=\"1200\" data-id=\"2686\" data-link=\"http:\/\/www.feuerwehr-wittenborn.de\/?attachment_id=2686\" data-url=\"http:\/\/www.feuerwehr-wittenborn.de\/wp-content\/uploads\/2025\/07\/IMG-20250621-WA0016-1024x768.jpg\" data-width=\"1600\" src=\"https:\/\/i1.wp.com\/www.feuerwehr-wittenborn.de\/wp-content\/uploads\/2025\/07\/IMG-20250621-WA0016-1024x768.jpg\" data-amp-layout=\"responsive\"\/><\/figure><\/div><div class=\"tiled-gallery__col\" style=\"flex-basis:33.08365%\"><figure class=\"tiled-gallery__item\"><img decoding=\"async\" srcset=\"https:\/\/i2.wp.com\/www.feuerwehr-wittenborn.de\/wp-content\/uploads\/2025\/07\/20250620_192325-1024x768.jpg?strip=info&#038;w=600 600w,https:\/\/i2.wp.com\/www.feuerwehr-wittenborn.de\/wp-content\/uploads\/2025\/07\/20250620_192325-1024x768.jpg?strip=info&#038;w=900 900w,https:\/\/i2.wp.com\/www.feuerwehr-wittenborn.de\/wp-content\/uploads\/2025\/07\/20250620_192325-1024x768.jpg?strip=info&#038;w=1200 1200w,https:\/\/i2.wp.com\/www.feuerwehr-wittenborn.de\/wp-content\/uploads\/2025\/07\/20250620_192325-1024x768.jpg?strip=info&#038;w=1500 1500w,https:\/\/i2.wp.com\/www.feuerwehr-wittenborn.de\/wp-content\/uploads\/2025\/07\/20250620_192325-1024x768.jpg?strip=info&#038;w=1800 1800w,https:\/\/i2.wp.com\/www.feuerwehr-wittenborn.de\/wp-content\/uploads\/2025\/07\/20250620_192325-1024x768.jpg?strip=info&#038;w=2000 2000w\" alt=\"\" data-height=\"1920\" data-id=\"2683\" data-link=\"http:\/\/www.feuerwehr-wittenborn.de\/?attachment_id=2683\" data-url=\"http:\/\/www.feuerwehr-wittenborn.de\/wp-content\/uploads\/2025\/07\/20250620_192325-1024x768.jpg\" data-width=\"2560\" src=\"https:\/\/i2.wp.com\/www.feuerwehr-wittenborn.de\/wp-content\/uploads\/2025\/07\/20250620_192325-1024x768.jpg\" data-amp-layout=\"responsive\"\/><\/figure><figure class=\"tiled-gallery__item\"><img decoding=\"async\" srcset=\"https:\/\/i1.wp.com\/www.feuerwehr-wittenborn.de\/wp-content\/uploads\/2025\/07\/20250620_214609-1024x768.jpg?strip=info&#038;w=600 600w,https:\/\/i1.wp.com\/www.feuerwehr-wittenborn.de\/wp-content\/uploads\/2025\/07\/20250620_214609-1024x768.jpg?strip=info&#038;w=900 900w,https:\/\/i1.wp.com\/www.feuerwehr-wittenborn.de\/wp-content\/uploads\/2025\/07\/20250620_214609-1024x768.jpg?strip=info&#038;w=1200 1200w,https:\/\/i1.wp.com\/www.feuerwehr-wittenborn.de\/wp-content\/uploads\/2025\/07\/20250620_214609-1024x768.jpg?strip=info&#038;w=1500 1500w,https:\/\/i1.wp.com\/www.feuerwehr-wittenborn.de\/wp-content\/uploads\/2025\/07\/20250620_214609-1024x768.jpg?strip=info&#038;w=1800 1800w,https:\/\/i1.wp.com\/www.feuerwehr-wittenborn.de\/wp-content\/uploads\/2025\/07\/20250620_214609-1024x768.jpg?strip=info&#038;w=2000 2000w\" alt=\"\" data-height=\"1920\" data-id=\"2684\" data-link=\"http:\/\/www.feuerwehr-wittenborn.de\/?attachment_id=2684\" data-url=\"http:\/\/www.feuerwehr-wittenborn.de\/wp-content\/uploads\/2025\/07\/20250620_214609-1024x768.jpg\" data-width=\"2560\" src=\"https:\/\/i1.wp.com\/www.feuerwehr-wittenborn.de\/wp-content\/uploads\/2025\/07\/20250620_214609-1024x768.jpg\" data-amp-layout=\"responsive\"\/><\/figure><\/div><\/div><div class=\"tiled-gallery__row\"><div class=\"tiled-gallery__col\" style=\"flex-basis:100.00000%\"><figure class=\"tiled-gallery__item\"><img decoding=\"async\" srcset=\"https:\/\/i1.wp.com\/www.feuerwehr-wittenborn.de\/wp-content\/uploads\/2025\/07\/20250620_184933-1024x768.jpg?strip=info&#038;w=600 600w,https:\/\/i1.wp.com\/www.feuerwehr-wittenborn.de\/wp-content\/uploads\/2025\/07\/20250620_184933-1024x768.jpg?strip=info&#038;w=900 900w,https:\/\/i1.wp.com\/www.feuerwehr-wittenborn.de\/wp-content\/uploads\/2025\/07\/20250620_184933-1024x768.jpg?strip=info&#038;w=1200 1200w,https:\/\/i1.wp.com\/www.feuerwehr-wittenborn.de\/wp-content\/uploads\/2025\/07\/20250620_184933-1024x768.jpg?strip=info&#038;w=1500 1500w,https:\/\/i1.wp.com\/www.feuerwehr-wittenborn.de\/wp-content\/uploads\/2025\/07\/20250620_184933-1024x768.jpg?strip=info&#038;w=1800 1800w,https:\/\/i1.wp.com\/www.feuerwehr-wittenborn.de\/wp-content\/uploads\/2025\/07\/20250620_184933-1024x768.jpg?strip=info&#038;w=2000 2000w\" alt=\"\" data-height=\"6120\" data-id=\"2681\" data-link=\"http:\/\/www.feuerwehr-wittenborn.de\/?attachment_id=2681\" data-url=\"http:\/\/www.feuerwehr-wittenborn.de\/wp-content\/uploads\/2025\/07\/20250620_184933-1024x768.jpg\" data-width=\"8160\" src=\"https:\/\/i1.wp.com\/www.feuerwehr-wittenborn.de\/wp-content\/uploads\/2025\/07\/20250620_184933-1024x768.jpg\" data-amp-layout=\"responsive\"\/><\/figure><\/div><\/div><\/div><\/div>\n<\/div><\/div>\n\n\n\n<p><\/p>\n","protected":false},"excerpt":{"rendered":"<p>Am Freitag, den 20.06.2025, fand die diesj\u00e4hrige Funk und Fahr\u00fcbung des ersten Wachbereichs statt. Auch in diesem Jahr musste jede Wehr eine eigene Aufgabe ausrichten, sowie mit den eigenen Fahrzeugen die Aufgaben der anderen Feuerwehren anfahren und abarbeiten. W\u00e4hrend der &hellip; <a href=\"http:\/\/www.feuerwehr-wittenborn.de\/?p=2703\">Weiterlesen <span class=\"meta-nav\">&rarr;<\/span><\/a><\/p>\n","protected":false},"author":6,"featured_media":0,"comment_status":"closed","ping_status":"closed","sticky":false,"template":"","format":"standard","meta":{"jetpack_post_was_ever_published":false,"_jetpack_newsletter_access":"","jetpack_publicize_message":"","jetpack_is_tweetstorm":false,"jetpack_publicize_feature_enabled":false,"jetpack_social_post_already_shared":false,"jetpack_social_options":{"image_generator_settings":{"template":"highway","enabled":false}}},"categories":[35,68,10],"tags":[],"jetpack_publicize_connections":[],"jetpack_featured_media_url":"","jetpack_shortlink":"https:\/\/wp.me\/p1A8ly-HB","jetpack_sharing_enabled":true,"_links":{"self":[{"href":"http:\/\/www.feuerwehr-wittenborn.de\/index.php?rest_route=\/wp\/v2\/posts\/2703"}],"collection":[{"href":"http:\/\/www.feuerwehr-wittenborn.de\/index.php?rest_route=\/wp\/v2\/posts"}],"about":[{"href":"http:\/\/www.feuerwehr-wittenborn.de\/index.php?rest_route=\/wp\/v2\/types\/post"}],"author":[{"embeddable":true,"href":"http:\/\/www.feuerwehr-wittenborn.de\/index.php?rest_route=\/wp\/v2\/users\/6"}],"replies":[{"embeddable":true,"href":"http:\/\/www.feuerwehr-wittenborn.de\/index.php?rest_route=%2Fwp%2Fv2%2Fcomments&post=2703"}],"version-history":[{"count":9,"href":"http:\/\/www.feuerwehr-wittenborn.de\/index.php?rest_route=\/wp\/v2\/posts\/2703\/revisions"}],"predecessor-version":[{"id":2715,"href":"http:\/\/www.feuerwehr-wittenborn.de\/index.php?rest_route=\/wp\/v2\/posts\/2703\/revisions\/2715"}],"wp:attachment":[{"href":"http:\/\/www.feuerwehr-wittenborn.de\/index.php?rest_route=%2Fwp%2Fv2%2Fmedia&parent=2703"}],"wp:term":[{"taxonomy":"category","embeddable":true,"href":"http:\/\/www.feuerwehr-wittenborn.de\/index.php?rest_route=%2Fwp%2Fv2%2Fcategories&post=2703"},{"taxonomy":"post_tag","embeddable":true,"href":"http:\/\/www.feuerwehr-wittenborn.de\/index.php?rest_route=%2Fwp%2Fv2%2Ftags&post=2703"}],"curies":[{"name":"wp","href":"https:\/\/api.w.org\/{rel}","templated":true}]}}