{"id":2628,"date":"2025-05-29T17:55:28","date_gmt":"2025-05-29T15:55:28","guid":{"rendered":"http:\/\/www.feuerwehr-wittenborn.de\/?p=2628"},"modified":"2025-05-29T17:55:28","modified_gmt":"2025-05-29T15:55:28","slug":"blaulichttag-in-todesfelde-am-24-05-2025","status":"publish","type":"post","link":"http:\/\/www.feuerwehr-wittenborn.de\/?p=2628","title":{"rendered":"Blaulichttag in Todesfelde am 24.05.2025"},"content":{"rendered":"\n<p>Am Samstag, den 24.05.2025, veranstaltete die Feuerwehr Todesfelde zur Einweihung ihres neuen Feuerwehrger\u00e4tehauses einen Blaulichttag, bei dessen Durchf\u00fchrung auch wir unterst\u00fctzen durften. Unsere F\u00fchrungsgruppe stellte den ELW 1 aus und zeigte die Aufgaben der F\u00fchrungsgruppe, die Jugendfeuerwehr durfte ihr K\u00f6nnen bei einem Pallettenhausbrand unter Beweis stellen. Zus\u00e4tzlich f\u00fchrte eine Gruppe der Einsatzabteilung die Technische Hilfeleistung am PKW vor, hierbei wurde eine gro\u00dfe Seiten\u00f6ffnung gemacht und der Vorderwagen abgekippt. Wir gratulieren der Feuerwehr Todesfelde zu ihrem neuen Ger\u00e4tehaus und freuen uns auf die weitere Zusammenarbeit.<\/p>\n\n\n\n<figure class=\"wp-block-gallery has-nested-images columns-default is-cropped wp-block-gallery-1 is-layout-flex\">\n<figure class=\"wp-block-image size-large\"><a href=\"https:\/\/i0.wp.com\/www.feuerwehr-wittenborn.de\/wp-content\/uploads\/2025\/05\/IMG-20250524-WA0015.jpg\"><img decoding=\"async\" loading=\"lazy\" width=\"584\" height=\"779\" data-id=\"2608\"  src=\"https:\/\/i0.wp.com\/www.feuerwehr-wittenborn.de\/wp-content\/uploads\/2025\/05\/IMG-20250524-WA0015.jpg?resize=584%2C779\" alt=\"\" class=\"wp-image-2608\" srcset=\"https:\/\/i0.wp.com\/www.feuerwehr-wittenborn.de\/wp-content\/uploads\/2025\/05\/IMG-20250524-WA0015.jpg?resize=768%2C1024 768w, https:\/\/i0.wp.com\/www.feuerwehr-wittenborn.de\/wp-content\/uploads\/2025\/05\/IMG-20250524-WA0015.jpg?resize=225%2C300 225w, https:\/\/i0.wp.com\/www.feuerwehr-wittenborn.de\/wp-content\/uploads\/2025\/05\/IMG-20250524-WA0015.jpg?resize=1152%2C1536 1152w, https:\/\/i0.wp.com\/www.feuerwehr-wittenborn.de\/wp-content\/uploads\/2025\/05\/IMG-20250524-WA0015.jpg?w=1200 1200w\" sizes=\"(max-width: 584px) 100vw, 584px\" data-recalc-dims=\"1\" \/><\/a><\/figure>\n\n\n\n<figure class=\"wp-block-image size-large\"><a href=\"https:\/\/i0.wp.com\/www.feuerwehr-wittenborn.de\/wp-content\/uploads\/2025\/05\/IMG-20250524-WA0009.jpg\"><img decoding=\"async\" loading=\"lazy\" width=\"584\" height=\"779\" data-id=\"2607\"  src=\"https:\/\/i0.wp.com\/www.feuerwehr-wittenborn.de\/wp-content\/uploads\/2025\/05\/IMG-20250524-WA0009.jpg?resize=584%2C779\" alt=\"\" class=\"wp-image-2607\" srcset=\"https:\/\/i0.wp.com\/www.feuerwehr-wittenborn.de\/wp-content\/uploads\/2025\/05\/IMG-20250524-WA0009.jpg?resize=768%2C1024 768w, https:\/\/i0.wp.com\/www.feuerwehr-wittenborn.de\/wp-content\/uploads\/2025\/05\/IMG-20250524-WA0009.jpg?resize=225%2C300 225w, https:\/\/i0.wp.com\/www.feuerwehr-wittenborn.de\/wp-content\/uploads\/2025\/05\/IMG-20250524-WA0009.jpg?resize=1152%2C1536 1152w, https:\/\/i0.wp.com\/www.feuerwehr-wittenborn.de\/wp-content\/uploads\/2025\/05\/IMG-20250524-WA0009.jpg?w=1200 1200w\" sizes=\"(max-width: 584px) 100vw, 584px\" data-recalc-dims=\"1\" \/><\/a><\/figure>\n\n\n\n<figure class=\"wp-block-image size-large\"><a href=\"https:\/\/i0.wp.com\/www.feuerwehr-wittenborn.de\/wp-content\/uploads\/2025\/05\/IMG-20250524-WA0001.jpg\"><img decoding=\"async\" loading=\"lazy\" width=\"584\" height=\"779\" data-id=\"2606\"  src=\"https:\/\/i0.wp.com\/www.feuerwehr-wittenborn.de\/wp-content\/uploads\/2025\/05\/IMG-20250524-WA0001.jpg?resize=584%2C779\" alt=\"\" class=\"wp-image-2606\" srcset=\"https:\/\/i0.wp.com\/www.feuerwehr-wittenborn.de\/wp-content\/uploads\/2025\/05\/IMG-20250524-WA0001.jpg?resize=768%2C1024 768w, https:\/\/i0.wp.com\/www.feuerwehr-wittenborn.de\/wp-content\/uploads\/2025\/05\/IMG-20250524-WA0001.jpg?resize=225%2C300 225w, https:\/\/i0.wp.com\/www.feuerwehr-wittenborn.de\/wp-content\/uploads\/2025\/05\/IMG-20250524-WA0001.jpg?resize=1152%2C1536 1152w, https:\/\/i0.wp.com\/www.feuerwehr-wittenborn.de\/wp-content\/uploads\/2025\/05\/IMG-20250524-WA0001.jpg?w=1200 1200w\" sizes=\"(max-width: 584px) 100vw, 584px\" data-recalc-dims=\"1\" \/><\/a><\/figure>\n\n\n\n<figure class=\"wp-block-image size-large\"><a href=\"https:\/\/i0.wp.com\/www.feuerwehr-wittenborn.de\/wp-content\/uploads\/2025\/05\/IMG-20250524-WA0017.jpg\"><img decoding=\"async\" loading=\"lazy\" width=\"584\" height=\"779\" data-id=\"2609\"  src=\"https:\/\/i0.wp.com\/www.feuerwehr-wittenborn.de\/wp-content\/uploads\/2025\/05\/IMG-20250524-WA0017.jpg?resize=584%2C779\" alt=\"\" class=\"wp-image-2609\" srcset=\"https:\/\/i0.wp.com\/www.feuerwehr-wittenborn.de\/wp-content\/uploads\/2025\/05\/IMG-20250524-WA0017.jpg?resize=768%2C1024 768w, https:\/\/i0.wp.com\/www.feuerwehr-wittenborn.de\/wp-content\/uploads\/2025\/05\/IMG-20250524-WA0017.jpg?resize=225%2C300 225w, https:\/\/i0.wp.com\/www.feuerwehr-wittenborn.de\/wp-content\/uploads\/2025\/05\/IMG-20250524-WA0017.jpg?resize=1152%2C1536 1152w, https:\/\/i0.wp.com\/www.feuerwehr-wittenborn.de\/wp-content\/uploads\/2025\/05\/IMG-20250524-WA0017.jpg?w=1200 1200w\" sizes=\"(max-width: 584px) 100vw, 584px\" data-recalc-dims=\"1\" \/><\/a><\/figure>\n<\/figure>\n","protected":false},"excerpt":{"rendered":"<p>Am Samstag, den 24.05.2025, veranstaltete die Feuerwehr Todesfelde zur Einweihung ihres neuen Feuerwehrger\u00e4tehauses einen Blaulichttag, bei dessen Durchf\u00fchrung auch wir unterst\u00fctzen durften. Unsere F\u00fchrungsgruppe stellte den ELW 1 aus und zeigte die Aufgaben der F\u00fchrungsgruppe, die Jugendfeuerwehr durfte ihr K\u00f6nnen &hellip; <a href=\"http:\/\/www.feuerwehr-wittenborn.de\/?p=2628\">Weiterlesen <span class=\"meta-nav\">&rarr;<\/span><\/a><\/p>\n","protected":false},"author":6,"featured_media":0,"comment_status":"closed","ping_status":"closed","sticky":false,"template":"","format":"standard","meta":{"jetpack_post_was_ever_published":false,"_jetpack_newsletter_access":"","jetpack_publicize_message":"","jetpack_is_tweetstorm":false,"jetpack_publicize_feature_enabled":false,"jetpack_social_post_already_shared":false,"jetpack_social_options":{"image_generator_settings":{"template":"highway","enabled":false}}},"categories":[37,8],"tags":[],"jetpack_publicize_connections":[],"jetpack_featured_media_url":"","jetpack_shortlink":"https:\/\/wp.me\/p1A8ly-Go","jetpack_sharing_enabled":true,"_links":{"self":[{"href":"http:\/\/www.feuerwehr-wittenborn.de\/index.php?rest_route=\/wp\/v2\/posts\/2628"}],"collection":[{"href":"http:\/\/www.feuerwehr-wittenborn.de\/index.php?rest_route=\/wp\/v2\/posts"}],"about":[{"href":"http:\/\/www.feuerwehr-wittenborn.de\/index.php?rest_route=\/wp\/v2\/types\/post"}],"author":[{"embeddable":true,"href":"http:\/\/www.feuerwehr-wittenborn.de\/index.php?rest_route=\/wp\/v2\/users\/6"}],"replies":[{"embeddable":true,"href":"http:\/\/www.feuerwehr-wittenborn.de\/index.php?rest_route=%2Fwp%2Fv2%2Fcomments&post=2628"}],"version-history":[{"count":1,"href":"http:\/\/www.feuerwehr-wittenborn.de\/index.php?rest_route=\/wp\/v2\/posts\/2628\/revisions"}],"predecessor-version":[{"id":2629,"href":"http:\/\/www.feuerwehr-wittenborn.de\/index.php?rest_route=\/wp\/v2\/posts\/2628\/revisions\/2629"}],"wp:attachment":[{"href":"http:\/\/www.feuerwehr-wittenborn.de\/index.php?rest_route=%2Fwp%2Fv2%2Fmedia&parent=2628"}],"wp:term":[{"taxonomy":"category","embeddable":true,"href":"http:\/\/www.feuerwehr-wittenborn.de\/index.php?rest_route=%2Fwp%2Fv2%2Fcategories&post=2628"},{"taxonomy":"post_tag","embeddable":true,"href":"http:\/\/www.feuerwehr-wittenborn.de\/index.php?rest_route=%2Fwp%2Fv2%2Ftags&post=2628"}],"curies":[{"name":"wp","href":"https:\/\/api.w.org\/{rel}","templated":true}]}}