{"id":2624,"date":"2025-05-29T17:48:09","date_gmt":"2025-05-29T15:48:09","guid":{"rendered":"http:\/\/www.feuerwehr-wittenborn.de\/?p=2624"},"modified":"2025-05-29T17:48:09","modified_gmt":"2025-05-29T15:48:09","slug":"dienstabend-am-21-05-2025","status":"publish","type":"post","link":"http:\/\/www.feuerwehr-wittenborn.de\/?p=2624","title":{"rendered":"Dienstabend am 21.05.2025"},"content":{"rendered":"\n<p>Beim \u00dcbungsdienst am Mittwoch, den 21.05.2025, wurde die Technische Hilfeleistung am PKW ge\u00fcbt. Erstmalig spielte dabei ein Kamerad die verletzte Person: so konnten die Aufgaben des Inneren Retters besser ge\u00fcbt werden und zus\u00e4tzlich gab es dadurch wichtige Einblicke in die Situation einer verletzten Person. <\/p>\n\n\n\n<figure class=\"wp-block-gallery has-nested-images columns-default is-cropped wp-block-gallery-1 is-layout-flex\">\n<figure class=\"wp-block-image size-large\"><a href=\"https:\/\/i0.wp.com\/www.feuerwehr-wittenborn.de\/wp-content\/uploads\/2025\/05\/IMG-20250521-WA0005.jpg\"><img decoding=\"async\" loading=\"lazy\" width=\"584\" height=\"438\" data-id=\"2602\"  src=\"https:\/\/i0.wp.com\/www.feuerwehr-wittenborn.de\/wp-content\/uploads\/2025\/05\/IMG-20250521-WA0005.jpg?resize=584%2C438\" alt=\"\" class=\"wp-image-2602\" srcset=\"https:\/\/i0.wp.com\/www.feuerwehr-wittenborn.de\/wp-content\/uploads\/2025\/05\/IMG-20250521-WA0005.jpg?resize=1024%2C768 1024w, https:\/\/i0.wp.com\/www.feuerwehr-wittenborn.de\/wp-content\/uploads\/2025\/05\/IMG-20250521-WA0005.jpg?resize=300%2C225 300w, https:\/\/i0.wp.com\/www.feuerwehr-wittenborn.de\/wp-content\/uploads\/2025\/05\/IMG-20250521-WA0005.jpg?resize=768%2C576 768w, https:\/\/i0.wp.com\/www.feuerwehr-wittenborn.de\/wp-content\/uploads\/2025\/05\/IMG-20250521-WA0005.jpg?resize=1536%2C1152 1536w, https:\/\/i0.wp.com\/www.feuerwehr-wittenborn.de\/wp-content\/uploads\/2025\/05\/IMG-20250521-WA0005.jpg?resize=400%2C300 400w, https:\/\/i0.wp.com\/www.feuerwehr-wittenborn.de\/wp-content\/uploads\/2025\/05\/IMG-20250521-WA0005.jpg?w=2000 2000w, https:\/\/i0.wp.com\/www.feuerwehr-wittenborn.de\/wp-content\/uploads\/2025\/05\/IMG-20250521-WA0005.jpg?w=1168 1168w, https:\/\/i0.wp.com\/www.feuerwehr-wittenborn.de\/wp-content\/uploads\/2025\/05\/IMG-20250521-WA0005.jpg?w=1752 1752w\" sizes=\"(max-width: 584px) 100vw, 584px\" data-recalc-dims=\"1\" \/><\/a><\/figure>\n\n\n\n<figure class=\"wp-block-image size-large\"><a href=\"https:\/\/i0.wp.com\/www.feuerwehr-wittenborn.de\/wp-content\/uploads\/2025\/05\/IMG-20250521-WA0009.jpg\"><img decoding=\"async\" loading=\"lazy\" width=\"584\" height=\"438\" data-id=\"2603\"  src=\"https:\/\/i0.wp.com\/www.feuerwehr-wittenborn.de\/wp-content\/uploads\/2025\/05\/IMG-20250521-WA0009.jpg?resize=584%2C438\" alt=\"\" class=\"wp-image-2603\" srcset=\"https:\/\/i0.wp.com\/www.feuerwehr-wittenborn.de\/wp-content\/uploads\/2025\/05\/IMG-20250521-WA0009.jpg?resize=1024%2C768 1024w, https:\/\/i0.wp.com\/www.feuerwehr-wittenborn.de\/wp-content\/uploads\/2025\/05\/IMG-20250521-WA0009.jpg?resize=300%2C225 300w, https:\/\/i0.wp.com\/www.feuerwehr-wittenborn.de\/wp-content\/uploads\/2025\/05\/IMG-20250521-WA0009.jpg?resize=768%2C576 768w, https:\/\/i0.wp.com\/www.feuerwehr-wittenborn.de\/wp-content\/uploads\/2025\/05\/IMG-20250521-WA0009.jpg?resize=1536%2C1152 1536w, https:\/\/i0.wp.com\/www.feuerwehr-wittenborn.de\/wp-content\/uploads\/2025\/05\/IMG-20250521-WA0009.jpg?resize=400%2C300 400w, https:\/\/i0.wp.com\/www.feuerwehr-wittenborn.de\/wp-content\/uploads\/2025\/05\/IMG-20250521-WA0009.jpg?w=2000 2000w, https:\/\/i0.wp.com\/www.feuerwehr-wittenborn.de\/wp-content\/uploads\/2025\/05\/IMG-20250521-WA0009.jpg?w=1168 1168w, https:\/\/i0.wp.com\/www.feuerwehr-wittenborn.de\/wp-content\/uploads\/2025\/05\/IMG-20250521-WA0009.jpg?w=1752 1752w\" sizes=\"(max-width: 584px) 100vw, 584px\" data-recalc-dims=\"1\" \/><\/a><\/figure>\n\n\n\n<figure class=\"wp-block-image size-large\"><a href=\"https:\/\/i0.wp.com\/www.feuerwehr-wittenborn.de\/wp-content\/uploads\/2025\/05\/IMG-20250521-WA0013.jpg\"><img decoding=\"async\" loading=\"lazy\" width=\"584\" height=\"779\" data-id=\"2604\"  src=\"https:\/\/i0.wp.com\/www.feuerwehr-wittenborn.de\/wp-content\/uploads\/2025\/05\/IMG-20250521-WA0013.jpg?resize=584%2C779\" alt=\"\" class=\"wp-image-2604\" srcset=\"https:\/\/i0.wp.com\/www.feuerwehr-wittenborn.de\/wp-content\/uploads\/2025\/05\/IMG-20250521-WA0013.jpg?resize=768%2C1024 768w, https:\/\/i0.wp.com\/www.feuerwehr-wittenborn.de\/wp-content\/uploads\/2025\/05\/IMG-20250521-WA0013.jpg?resize=225%2C300 225w, https:\/\/i0.wp.com\/www.feuerwehr-wittenborn.de\/wp-content\/uploads\/2025\/05\/IMG-20250521-WA0013.jpg?resize=1152%2C1536 1152w, https:\/\/i0.wp.com\/www.feuerwehr-wittenborn.de\/wp-content\/uploads\/2025\/05\/IMG-20250521-WA0013.jpg?w=1500 1500w\" sizes=\"(max-width: 584px) 100vw, 584px\" data-recalc-dims=\"1\" \/><\/a><\/figure>\n\n\n\n<figure class=\"wp-block-image size-large\"><a href=\"https:\/\/i0.wp.com\/www.feuerwehr-wittenborn.de\/wp-content\/uploads\/2025\/05\/IMG-20250521-WA0014.jpg\"><img decoding=\"async\" loading=\"lazy\" width=\"584\" height=\"779\" data-id=\"2605\"  src=\"https:\/\/i0.wp.com\/www.feuerwehr-wittenborn.de\/wp-content\/uploads\/2025\/05\/IMG-20250521-WA0014.jpg?resize=584%2C779\" alt=\"\" class=\"wp-image-2605\" srcset=\"https:\/\/i0.wp.com\/www.feuerwehr-wittenborn.de\/wp-content\/uploads\/2025\/05\/IMG-20250521-WA0014.jpg?resize=768%2C1024 768w, https:\/\/i0.wp.com\/www.feuerwehr-wittenborn.de\/wp-content\/uploads\/2025\/05\/IMG-20250521-WA0014.jpg?resize=225%2C300 225w, https:\/\/i0.wp.com\/www.feuerwehr-wittenborn.de\/wp-content\/uploads\/2025\/05\/IMG-20250521-WA0014.jpg?resize=1152%2C1536 1152w, https:\/\/i0.wp.com\/www.feuerwehr-wittenborn.de\/wp-content\/uploads\/2025\/05\/IMG-20250521-WA0014.jpg?w=1500 1500w\" sizes=\"(max-width: 584px) 100vw, 584px\" data-recalc-dims=\"1\" \/><\/a><\/figure>\n<\/figure>\n","protected":false},"excerpt":{"rendered":"<p>Beim \u00dcbungsdienst am Mittwoch, den 21.05.2025, wurde die Technische Hilfeleistung am PKW ge\u00fcbt. Erstmalig spielte dabei ein Kamerad die verletzte Person: so konnten die Aufgaben des Inneren Retters besser ge\u00fcbt werden und zus\u00e4tzlich gab es dadurch wichtige Einblicke in die &hellip; <a href=\"http:\/\/www.feuerwehr-wittenborn.de\/?p=2624\">Weiterlesen <span class=\"meta-nav\">&rarr;<\/span><\/a><\/p>\n","protected":false},"author":6,"featured_media":0,"comment_status":"closed","ping_status":"closed","sticky":false,"template":"","format":"standard","meta":{"jetpack_post_was_ever_published":false,"_jetpack_newsletter_access":"","jetpack_publicize_message":"","jetpack_is_tweetstorm":false,"jetpack_publicize_feature_enabled":false,"jetpack_social_post_already_shared":false,"jetpack_social_options":{"image_generator_settings":{"template":"highway","enabled":false}}},"categories":[35,53],"tags":[],"jetpack_publicize_connections":[],"jetpack_featured_media_url":"","jetpack_shortlink":"https:\/\/wp.me\/p1A8ly-Gk","jetpack_sharing_enabled":true,"_links":{"self":[{"href":"http:\/\/www.feuerwehr-wittenborn.de\/index.php?rest_route=\/wp\/v2\/posts\/2624"}],"collection":[{"href":"http:\/\/www.feuerwehr-wittenborn.de\/index.php?rest_route=\/wp\/v2\/posts"}],"about":[{"href":"http:\/\/www.feuerwehr-wittenborn.de\/index.php?rest_route=\/wp\/v2\/types\/post"}],"author":[{"embeddable":true,"href":"http:\/\/www.feuerwehr-wittenborn.de\/index.php?rest_route=\/wp\/v2\/users\/6"}],"replies":[{"embeddable":true,"href":"http:\/\/www.feuerwehr-wittenborn.de\/index.php?rest_route=%2Fwp%2Fv2%2Fcomments&post=2624"}],"version-history":[{"count":1,"href":"http:\/\/www.feuerwehr-wittenborn.de\/index.php?rest_route=\/wp\/v2\/posts\/2624\/revisions"}],"predecessor-version":[{"id":2625,"href":"http:\/\/www.feuerwehr-wittenborn.de\/index.php?rest_route=\/wp\/v2\/posts\/2624\/revisions\/2625"}],"wp:attachment":[{"href":"http:\/\/www.feuerwehr-wittenborn.de\/index.php?rest_route=%2Fwp%2Fv2%2Fmedia&parent=2624"}],"wp:term":[{"taxonomy":"category","embeddable":true,"href":"http:\/\/www.feuerwehr-wittenborn.de\/index.php?rest_route=%2Fwp%2Fv2%2Fcategories&post=2624"},{"taxonomy":"post_tag","embeddable":true,"href":"http:\/\/www.feuerwehr-wittenborn.de\/index.php?rest_route=%2Fwp%2Fv2%2Ftags&post=2624"}],"curies":[{"name":"wp","href":"https:\/\/api.w.org\/{rel}","templated":true}]}}