{"id":2262,"date":"2023-07-17T19:41:15","date_gmt":"2023-07-17T17:41:15","guid":{"rendered":"http:\/\/www.feuerwehr-wittenborn.de\/?p=2262"},"modified":"2023-07-17T19:41:15","modified_gmt":"2023-07-17T17:41:15","slug":"einsatzbericht-16-07-2023-th-k","status":"publish","type":"post","link":"http:\/\/www.feuerwehr-wittenborn.de\/?p=2262","title":{"rendered":"Einsatzbericht 16.07.2023 (TH K)"},"content":{"rendered":"\n<p>Am 16.07.2023 um 16:08 Uhr wurden wir mit dem Alarmstichwort TH K (Technische Hilfe,<br>kleiner Standard) auf die K73 Richtung Wahlstedt alarmiert. Bei dem<br>windigen Wetter war ein gr\u00f6\u00dferer Ast von einem Baum abgesplittert und<br>versperrte die gesamte Fahrbahn. Zus\u00e4tzlich wurden dabei weitere \u00c4ste an<br>anderen B\u00e4umen besch\u00e4digt und drohten, ebenfalls auf die Fahrbahn zu<br>fallen. Daher wurde durch den Einsatzleiter die Unterst\u00fctzung der<br>Drehleiter aus Wahlstedt aus Wahlstedt angefordert, da eine Beseitigung<br>mit eigenen Mitteln nicht m\u00f6glich war. Vielen Dank f\u00fcr die Unterst\u00fctzung<br>an die Wahlstedter Kameraden\/-innen. Da der Restquerschnitt des<br>gesplitterten Baumes f\u00fcr die verbleibende Baumkrone nur noch<br>unzureichend war, wurde der Baum im Weiteren kontrolliert gef\u00e4llt und<br>damit eine weitere Gefahrenstelle beseitigt. Die K73 wurde w\u00e4hrend der<br>Arbeiten komplett gesperrt.\u00a0 Gegen 17:30 Uhr waren alle Ma\u00dfnahmen<br>abgeschlossen und alle Kr\u00e4fte r\u00fcckten wieder ein.<\/p>\n\n\n\n<p>Einheiten am Einsatzort: Feuerwehr Wittenborn mit 12 Einsatzkr\u00e4ften,<br>Feuerwehr Wahlstedt mit Drehleiter-Zug, Polizei<\/p>\n\n\n\n<figure class=\"wp-block-gallery columns-3 is-cropped wp-block-gallery-1 is-layout-flex\"><ul class=\"blocks-gallery-grid\"><li class=\"blocks-gallery-item\"><figure><a href=\"https:\/\/i0.wp.com\/www.feuerwehr-wittenborn.de\/wp-content\/uploads\/2023\/07\/11.jpg\"><img decoding=\"async\" loading=\"lazy\" width=\"360\" height=\"640\" src=\"https:\/\/i0.wp.com\/www.feuerwehr-wittenborn.de\/wp-content\/uploads\/2023\/07\/11.jpg?resize=360%2C640\" alt=\"\" data-id=\"2265\" data-full-url=\"https:\/\/i0.wp.com\/www.feuerwehr-wittenborn.de\/wp-content\/uploads\/2023\/07\/11.jpg?resize=360%2C640\" data-link=\"http:\/\/www.feuerwehr-wittenborn.de\/?attachment_id=2265\" class=\"wp-image-2265\" srcset=\"https:\/\/i0.wp.com\/www.feuerwehr-wittenborn.de\/wp-content\/uploads\/2023\/07\/11.jpg?w=360 360w, https:\/\/i0.wp.com\/www.feuerwehr-wittenborn.de\/wp-content\/uploads\/2023\/07\/11.jpg?resize=169%2C300 169w\" sizes=\"(max-width: 360px) 100vw, 360px\" data-recalc-dims=\"1\" \/><\/a><\/figure><\/li><li class=\"blocks-gallery-item\"><figure><a href=\"https:\/\/i0.wp.com\/www.feuerwehr-wittenborn.de\/wp-content\/uploads\/2023\/07\/9.jpg\"><img decoding=\"async\" loading=\"lazy\" width=\"360\" height=\"640\" src=\"https:\/\/i0.wp.com\/www.feuerwehr-wittenborn.de\/wp-content\/uploads\/2023\/07\/9.jpg?resize=360%2C640\" alt=\"\" data-id=\"2264\" data-full-url=\"https:\/\/i0.wp.com\/www.feuerwehr-wittenborn.de\/wp-content\/uploads\/2023\/07\/9.jpg?resize=360%2C640\" data-link=\"http:\/\/www.feuerwehr-wittenborn.de\/?attachment_id=2264\" class=\"wp-image-2264\" srcset=\"https:\/\/i0.wp.com\/www.feuerwehr-wittenborn.de\/wp-content\/uploads\/2023\/07\/9.jpg?w=360 360w, https:\/\/i0.wp.com\/www.feuerwehr-wittenborn.de\/wp-content\/uploads\/2023\/07\/9.jpg?resize=169%2C300 169w\" sizes=\"(max-width: 360px) 100vw, 360px\" data-recalc-dims=\"1\" \/><\/a><\/figure><\/li><li class=\"blocks-gallery-item\"><figure><a href=\"https:\/\/i0.wp.com\/www.feuerwehr-wittenborn.de\/wp-content\/uploads\/2023\/07\/1.jpg\"><img decoding=\"async\" loading=\"lazy\" width=\"576\" height=\"1024\" src=\"https:\/\/i0.wp.com\/www.feuerwehr-wittenborn.de\/wp-content\/uploads\/2023\/07\/1.jpg?resize=576%2C1024\" alt=\"\" data-id=\"2263\" data-full-url=\"http:\/\/www.feuerwehr-wittenborn.de\/wp-content\/uploads\/2023\/07\/1.jpg\" data-link=\"http:\/\/www.feuerwehr-wittenborn.de\/?attachment_id=2263\" class=\"wp-image-2263\" srcset=\"https:\/\/i0.wp.com\/www.feuerwehr-wittenborn.de\/wp-content\/uploads\/2023\/07\/1.jpg?resize=576%2C1024 576w, https:\/\/i0.wp.com\/www.feuerwehr-wittenborn.de\/wp-content\/uploads\/2023\/07\/1.jpg?resize=169%2C300 169w, https:\/\/i0.wp.com\/www.feuerwehr-wittenborn.de\/wp-content\/uploads\/2023\/07\/1.jpg?resize=768%2C1365 768w, https:\/\/i0.wp.com\/www.feuerwehr-wittenborn.de\/wp-content\/uploads\/2023\/07\/1.jpg?resize=864%2C1536 864w, https:\/\/i0.wp.com\/www.feuerwehr-wittenborn.de\/wp-content\/uploads\/2023\/07\/1.jpg?w=900 900w\" sizes=\"(max-width: 576px) 100vw, 576px\" data-recalc-dims=\"1\" \/><\/a><\/figure><\/li><\/ul><\/figure>\n","protected":false},"excerpt":{"rendered":"<p>Am 16.07.2023 um 16:08 Uhr wurden wir mit dem Alarmstichwort TH K (Technische Hilfe,kleiner Standard) auf die K73 Richtung Wahlstedt alarmiert. Bei demwindigen Wetter war ein gr\u00f6\u00dferer Ast von einem Baum abgesplittert undversperrte die gesamte Fahrbahn. Zus\u00e4tzlich wurden dabei weitere &hellip; <a href=\"http:\/\/www.feuerwehr-wittenborn.de\/?p=2262\">Weiterlesen <span class=\"meta-nav\">&rarr;<\/span><\/a><\/p>\n","protected":false},"author":4,"featured_media":2265,"comment_status":"closed","ping_status":"closed","sticky":false,"template":"","format":"standard","meta":{"jetpack_post_was_ever_published":false,"_jetpack_newsletter_access":"","jetpack_publicize_message":"","jetpack_is_tweetstorm":false,"jetpack_publicize_feature_enabled":true,"jetpack_social_post_already_shared":true,"jetpack_social_options":{"image_generator_settings":{"template":"highway","enabled":false}}},"categories":[3,49],"tags":[],"jetpack_publicize_connections":[],"jetpack_featured_media_url":"https:\/\/i0.wp.com\/www.feuerwehr-wittenborn.de\/wp-content\/uploads\/2023\/07\/11.jpg?fit=360%2C640","jetpack_shortlink":"https:\/\/wp.me\/p1A8ly-Au","jetpack_sharing_enabled":true,"_links":{"self":[{"href":"http:\/\/www.feuerwehr-wittenborn.de\/index.php?rest_route=\/wp\/v2\/posts\/2262"}],"collection":[{"href":"http:\/\/www.feuerwehr-wittenborn.de\/index.php?rest_route=\/wp\/v2\/posts"}],"about":[{"href":"http:\/\/www.feuerwehr-wittenborn.de\/index.php?rest_route=\/wp\/v2\/types\/post"}],"author":[{"embeddable":true,"href":"http:\/\/www.feuerwehr-wittenborn.de\/index.php?rest_route=\/wp\/v2\/users\/4"}],"replies":[{"embeddable":true,"href":"http:\/\/www.feuerwehr-wittenborn.de\/index.php?rest_route=%2Fwp%2Fv2%2Fcomments&post=2262"}],"version-history":[{"count":1,"href":"http:\/\/www.feuerwehr-wittenborn.de\/index.php?rest_route=\/wp\/v2\/posts\/2262\/revisions"}],"predecessor-version":[{"id":2267,"href":"http:\/\/www.feuerwehr-wittenborn.de\/index.php?rest_route=\/wp\/v2\/posts\/2262\/revisions\/2267"}],"wp:featuredmedia":[{"embeddable":true,"href":"http:\/\/www.feuerwehr-wittenborn.de\/index.php?rest_route=\/wp\/v2\/media\/2265"}],"wp:attachment":[{"href":"http:\/\/www.feuerwehr-wittenborn.de\/index.php?rest_route=%2Fwp%2Fv2%2Fmedia&parent=2262"}],"wp:term":[{"taxonomy":"category","embeddable":true,"href":"http:\/\/www.feuerwehr-wittenborn.de\/index.php?rest_route=%2Fwp%2Fv2%2Fcategories&post=2262"},{"taxonomy":"post_tag","embeddable":true,"href":"http:\/\/www.feuerwehr-wittenborn.de\/index.php?rest_route=%2Fwp%2Fv2%2Ftags&post=2262"}],"curies":[{"name":"wp","href":"https:\/\/api.w.org\/{rel}","templated":true}]}}