{"id":1961,"date":"2021-09-26T19:49:35","date_gmt":"2021-09-26T17:49:35","guid":{"rendered":"http:\/\/www.feuerwehr-wittenborn.de\/?p=1961"},"modified":"2021-09-26T19:49:35","modified_gmt":"2021-09-26T17:49:35","slug":"aktion-zur-mitgliederwerbung-26-09-2021","status":"publish","type":"post","link":"http:\/\/www.feuerwehr-wittenborn.de\/?p=1961","title":{"rendered":"Aktion zur Mitgliederwerbung 26.09.2021"},"content":{"rendered":"\n<p>Nach gef\u00fchlt ewig langer Zeit konnten wir uns heute mal wieder in unserer Gemeinde pr\u00e4sentieren. Wir m\u00f6chten uns f\u00fcr die vielen tollen Gespr\u00e4che und die positive Resonanz bei allen Wittenborner Mitb\u00fcrgern\/-innen bedanken.<br><br>Wir freuen uns \u00fcber die Vielzahl neuer passiver\/f\u00f6rdernder Mitglieder, die wir heute gewinnen konnten. <\/p>\n\n\n\n<p>Am 06.10. ab 19:00 Uhr wird au\u00dferdem ein Infoabend im Feuerwehrhaus stattfinden, um die heutigen Gespr\u00e4che zu vertiefen und uns ausf\u00fchrlicher vorzustellen, um so weitere Kameraden\/-innen in unserer Einsatzabteilung begr\u00fc\u00dfen zu k\u00f6nnen. Wir w\u00fcrden uns freuen, wenn \u00fcber die heutigen Gespr\u00e4chspartner hinaus weitere neue Gesichter dazu sto\u00dfen. Schaut einfach vorbei! Die Jugendfeuerwehr freut sich ebenso \u00fcber mehrere neue Interessenten.<br><br>Kontaktdaten Wehrf\u00fchrung: Gero M\u00fcller, Lerchenweg 13, Tel. 0152\/23175301, <a href=\"mailto:geromueller@dg-email.de\">geromueller@dg-email.de<\/a><\/p>\n\n\n\n<figure class=\"wp-block-gallery columns-3 is-cropped wp-block-gallery-1 is-layout-flex\"><ul class=\"blocks-gallery-grid\"><li class=\"blocks-gallery-item\"><figure><a href=\"https:\/\/i0.wp.com\/www.feuerwehr-wittenborn.de\/wp-content\/uploads\/2021\/09\/IMG-20210926-WA0007.jpg\"><img decoding=\"async\" loading=\"lazy\" width=\"584\" height=\"263\" src=\"https:\/\/i0.wp.com\/www.feuerwehr-wittenborn.de\/wp-content\/uploads\/2021\/09\/IMG-20210926-WA0007.jpg?resize=584%2C263\" alt=\"\" data-id=\"1965\" data-full-url=\"http:\/\/www.feuerwehr-wittenborn.de\/wp-content\/uploads\/2021\/09\/IMG-20210926-WA0007.jpg\" data-link=\"http:\/\/www.feuerwehr-wittenborn.de\/?attachment_id=1965\" class=\"wp-image-1965\" srcset=\"https:\/\/i0.wp.com\/www.feuerwehr-wittenborn.de\/wp-content\/uploads\/2021\/09\/IMG-20210926-WA0007.jpg?resize=1024%2C461 1024w, https:\/\/i0.wp.com\/www.feuerwehr-wittenborn.de\/wp-content\/uploads\/2021\/09\/IMG-20210926-WA0007.jpg?resize=300%2C135 300w, https:\/\/i0.wp.com\/www.feuerwehr-wittenborn.de\/wp-content\/uploads\/2021\/09\/IMG-20210926-WA0007.jpg?resize=768%2C346 768w, https:\/\/i0.wp.com\/www.feuerwehr-wittenborn.de\/wp-content\/uploads\/2021\/09\/IMG-20210926-WA0007.jpg?resize=1536%2C692 1536w, https:\/\/i0.wp.com\/www.feuerwehr-wittenborn.de\/wp-content\/uploads\/2021\/09\/IMG-20210926-WA0007.jpg?resize=500%2C225 500w, https:\/\/i0.wp.com\/www.feuerwehr-wittenborn.de\/wp-content\/uploads\/2021\/09\/IMG-20210926-WA0007.jpg?w=2016 2016w, https:\/\/i0.wp.com\/www.feuerwehr-wittenborn.de\/wp-content\/uploads\/2021\/09\/IMG-20210926-WA0007.jpg?w=1168 1168w, https:\/\/i0.wp.com\/www.feuerwehr-wittenborn.de\/wp-content\/uploads\/2021\/09\/IMG-20210926-WA0007.jpg?w=1752 1752w\" sizes=\"(max-width: 584px) 100vw, 584px\" data-recalc-dims=\"1\" \/><\/a><\/figure><\/li><li class=\"blocks-gallery-item\"><figure><a href=\"https:\/\/i0.wp.com\/www.feuerwehr-wittenborn.de\/wp-content\/uploads\/2021\/09\/IMG-20210926-WA0006.jpg\"><img decoding=\"async\" loading=\"lazy\" width=\"584\" height=\"263\" src=\"https:\/\/i0.wp.com\/www.feuerwehr-wittenborn.de\/wp-content\/uploads\/2021\/09\/IMG-20210926-WA0006.jpg?resize=584%2C263\" alt=\"\" data-id=\"1964\" data-full-url=\"http:\/\/www.feuerwehr-wittenborn.de\/wp-content\/uploads\/2021\/09\/IMG-20210926-WA0006.jpg\" data-link=\"http:\/\/www.feuerwehr-wittenborn.de\/?attachment_id=1964\" class=\"wp-image-1964\" srcset=\"https:\/\/i0.wp.com\/www.feuerwehr-wittenborn.de\/wp-content\/uploads\/2021\/09\/IMG-20210926-WA0006.jpg?resize=1024%2C461 1024w, https:\/\/i0.wp.com\/www.feuerwehr-wittenborn.de\/wp-content\/uploads\/2021\/09\/IMG-20210926-WA0006.jpg?resize=300%2C135 300w, https:\/\/i0.wp.com\/www.feuerwehr-wittenborn.de\/wp-content\/uploads\/2021\/09\/IMG-20210926-WA0006.jpg?resize=768%2C346 768w, https:\/\/i0.wp.com\/www.feuerwehr-wittenborn.de\/wp-content\/uploads\/2021\/09\/IMG-20210926-WA0006.jpg?resize=1536%2C692 1536w, https:\/\/i0.wp.com\/www.feuerwehr-wittenborn.de\/wp-content\/uploads\/2021\/09\/IMG-20210926-WA0006.jpg?resize=500%2C225 500w, https:\/\/i0.wp.com\/www.feuerwehr-wittenborn.de\/wp-content\/uploads\/2021\/09\/IMG-20210926-WA0006.jpg?w=2016 2016w, https:\/\/i0.wp.com\/www.feuerwehr-wittenborn.de\/wp-content\/uploads\/2021\/09\/IMG-20210926-WA0006.jpg?w=1168 1168w, https:\/\/i0.wp.com\/www.feuerwehr-wittenborn.de\/wp-content\/uploads\/2021\/09\/IMG-20210926-WA0006.jpg?w=1752 1752w\" sizes=\"(max-width: 584px) 100vw, 584px\" data-recalc-dims=\"1\" \/><\/a><\/figure><\/li><li class=\"blocks-gallery-item\"><figure><a href=\"https:\/\/i0.wp.com\/www.feuerwehr-wittenborn.de\/wp-content\/uploads\/2021\/09\/IMG-20210926-WA0004.jpg\"><img decoding=\"async\" loading=\"lazy\" width=\"584\" height=\"263\" src=\"https:\/\/i0.wp.com\/www.feuerwehr-wittenborn.de\/wp-content\/uploads\/2021\/09\/IMG-20210926-WA0004.jpg?resize=584%2C263\" alt=\"\" data-id=\"1962\" data-full-url=\"http:\/\/www.feuerwehr-wittenborn.de\/wp-content\/uploads\/2021\/09\/IMG-20210926-WA0004.jpg\" data-link=\"http:\/\/www.feuerwehr-wittenborn.de\/?attachment_id=1962\" class=\"wp-image-1962\" srcset=\"https:\/\/i0.wp.com\/www.feuerwehr-wittenborn.de\/wp-content\/uploads\/2021\/09\/IMG-20210926-WA0004.jpg?resize=1024%2C461 1024w, https:\/\/i0.wp.com\/www.feuerwehr-wittenborn.de\/wp-content\/uploads\/2021\/09\/IMG-20210926-WA0004.jpg?resize=300%2C135 300w, https:\/\/i0.wp.com\/www.feuerwehr-wittenborn.de\/wp-content\/uploads\/2021\/09\/IMG-20210926-WA0004.jpg?resize=768%2C346 768w, https:\/\/i0.wp.com\/www.feuerwehr-wittenborn.de\/wp-content\/uploads\/2021\/09\/IMG-20210926-WA0004.jpg?resize=1536%2C692 1536w, https:\/\/i0.wp.com\/www.feuerwehr-wittenborn.de\/wp-content\/uploads\/2021\/09\/IMG-20210926-WA0004.jpg?resize=500%2C225 500w, https:\/\/i0.wp.com\/www.feuerwehr-wittenborn.de\/wp-content\/uploads\/2021\/09\/IMG-20210926-WA0004.jpg?w=2016 2016w, https:\/\/i0.wp.com\/www.feuerwehr-wittenborn.de\/wp-content\/uploads\/2021\/09\/IMG-20210926-WA0004.jpg?w=1168 1168w, https:\/\/i0.wp.com\/www.feuerwehr-wittenborn.de\/wp-content\/uploads\/2021\/09\/IMG-20210926-WA0004.jpg?w=1752 1752w\" sizes=\"(max-width: 584px) 100vw, 584px\" data-recalc-dims=\"1\" \/><\/a><\/figure><\/li><\/ul><\/figure>\n","protected":false},"excerpt":{"rendered":"<p>Nach gef\u00fchlt ewig langer Zeit konnten wir uns heute mal wieder in unserer Gemeinde pr\u00e4sentieren. Wir m\u00f6chten uns f\u00fcr die vielen tollen Gespr\u00e4che und die positive Resonanz bei allen Wittenborner Mitb\u00fcrgern\/-innen bedanken. Wir freuen uns \u00fcber die Vielzahl neuer passiver\/f\u00f6rdernder &hellip; <a href=\"http:\/\/www.feuerwehr-wittenborn.de\/?p=1961\">Weiterlesen <span class=\"meta-nav\">&rarr;<\/span><\/a><\/p>\n","protected":false},"author":4,"featured_media":1966,"comment_status":"closed","ping_status":"closed","sticky":false,"template":"","format":"standard","meta":{"jetpack_post_was_ever_published":false,"_jetpack_newsletter_access":"","jetpack_publicize_message":"","jetpack_is_tweetstorm":false,"jetpack_publicize_feature_enabled":true,"jetpack_social_post_already_shared":true,"jetpack_social_options":{"image_generator_settings":{"template":"highway","enabled":false}}},"categories":[36,7],"tags":[],"jetpack_publicize_connections":[],"jetpack_featured_media_url":"https:\/\/i0.wp.com\/www.feuerwehr-wittenborn.de\/wp-content\/uploads\/2021\/09\/Infoabend.png?fit=723%2C506","jetpack_shortlink":"https:\/\/wp.me\/p1A8ly-vD","jetpack_sharing_enabled":true,"_links":{"self":[{"href":"http:\/\/www.feuerwehr-wittenborn.de\/index.php?rest_route=\/wp\/v2\/posts\/1961"}],"collection":[{"href":"http:\/\/www.feuerwehr-wittenborn.de\/index.php?rest_route=\/wp\/v2\/posts"}],"about":[{"href":"http:\/\/www.feuerwehr-wittenborn.de\/index.php?rest_route=\/wp\/v2\/types\/post"}],"author":[{"embeddable":true,"href":"http:\/\/www.feuerwehr-wittenborn.de\/index.php?rest_route=\/wp\/v2\/users\/4"}],"replies":[{"embeddable":true,"href":"http:\/\/www.feuerwehr-wittenborn.de\/index.php?rest_route=%2Fwp%2Fv2%2Fcomments&post=1961"}],"version-history":[{"count":1,"href":"http:\/\/www.feuerwehr-wittenborn.de\/index.php?rest_route=\/wp\/v2\/posts\/1961\/revisions"}],"predecessor-version":[{"id":1967,"href":"http:\/\/www.feuerwehr-wittenborn.de\/index.php?rest_route=\/wp\/v2\/posts\/1961\/revisions\/1967"}],"wp:featuredmedia":[{"embeddable":true,"href":"http:\/\/www.feuerwehr-wittenborn.de\/index.php?rest_route=\/wp\/v2\/media\/1966"}],"wp:attachment":[{"href":"http:\/\/www.feuerwehr-wittenborn.de\/index.php?rest_route=%2Fwp%2Fv2%2Fmedia&parent=1961"}],"wp:term":[{"taxonomy":"category","embeddable":true,"href":"http:\/\/www.feuerwehr-wittenborn.de\/index.php?rest_route=%2Fwp%2Fv2%2Fcategories&post=1961"},{"taxonomy":"post_tag","embeddable":true,"href":"http:\/\/www.feuerwehr-wittenborn.de\/index.php?rest_route=%2Fwp%2Fv2%2Ftags&post=1961"}],"curies":[{"name":"wp","href":"https:\/\/api.w.org\/{rel}","templated":true}]}}