{"id":1952,"date":"2021-09-07T11:37:06","date_gmt":"2021-09-07T09:37:06","guid":{"rendered":"http:\/\/www.feuerwehr-wittenborn.de\/?p=1952"},"modified":"2021-09-07T11:37:06","modified_gmt":"2021-09-07T09:37:06","slug":"jahreshauptversammlung-2021-der-freiwilligen-feuerwehr-wittenborn","status":"publish","type":"post","link":"http:\/\/www.feuerwehr-wittenborn.de\/?p=1952","title":{"rendered":"Jahreshauptversammlung 2021 der Freiwilligen Feuerwehr Wittenborn"},"content":{"rendered":"\n<p>Wehrf\u00fchrer Gero M\u00fcller begr\u00fc\u00dfte die Kameraden\/-innen der Wehr und er\u00f6ffnete am warmen Freitag Abend sogleich die Jahreshauptversammlung der Freiwilligen Feuerwehr Wittenborn, aufgrund der Pandemiesituation erstmals bei sommerlichen Temperaturen im Feuerwehrhaus und unter Einhaltung der Corona-Richtlinien. Nach einem Totengedenken berichtete er aus dem zur\u00fcckliegenden Jahr, das im Wesentlichen durch die Pandemie gepr\u00e4gt war. Mit 19 Eins\u00e4tzen geh\u00f6rte 2020 zu den ruhigeren Jahren. Anschlie\u00dfend berichtete der Kassenwart zur aktuellen Kassenlage, die auch durch fehlende Veranstaltungen aufgrund der Pandemie schrumpfte. Danach berichteten sowohl der Leiter der F\u00fchrungsgruppe Stefan Mau sowie der Jugendwart Marco N\u00fcrnberger aus Ihren Bereichen im abgelaufenen Jahr. Nach einstimmiger Zustimmung zur Einnahmen- und Ausgabenplanung der Kameradschaftskasse 2021 wurde Tim Ratajczak nach abgeschlossener Anw\u00e4rterausbildung neu in die Wehr aufgenommen.<\/p>\n\n\n\n<p>Die Kameraden w\u00e4hlten mit \u00fcberw\u00e4ltigender Mehrheit HFM Christoph Fischer zum neuen Schriftf\u00fchrer und Kamerad LM Julian Jaacks zum neuen stellvertretenden Gruppenf\u00fchrer.<\/p>\n\n\n\n<p>Es folgten folgende Bef\u00f6rderungen:<\/p>\n\n\n\n<p>FM: Tim Ratajczak<\/p>\n\n\n\n<p>OFM: S\u00f6ren K\u00f6hncke, Bernhard Runde<\/p>\n\n\n\n<p>Nach den Bef\u00f6rderungen schloss sich ein nie da gewesener Ehrungsmarathon an. Zun\u00e4chst ehrte B\u00fcrgermeister Thorsten Lange folgende Kameraden:<\/p>\n\n\n\n<p>Brandschutz-Ehrenzeichen in Gold am Bande: LM J\u00f6rg Behrens<\/p>\n\n\n\n<p>Brandschutz-Ehrenzeichen in Silber am Bande: HFM Matthias Haack. HLM Marco N\u00fcrnberger<\/p>\n\n\n\n<p>Es folgte Wehrf\u00fchrer Gero M\u00fcller mit der Verleihung der jeweiligen Jahresspangen. In diesem Jahr konnten wir Jahresspangen f\u00fcr sage und schreibe 340 Jahre Feuerwehrzugeh\u00f6rigkeit verleihen:<\/p>\n\n\n\n<p>10 Jahre: LM Julian Jaacks, OFM J\u00fcrgen Mauder<\/p>\n\n\n\n<p>20 Jahre: OLM Rolf Turtun<\/p>\n\n\n\n<p>30 Jahre: OFM Torben Lange, BM Volker Kr\u00f6ger, HFM Dirk Plewka<\/p>\n\n\n\n<p>40 Jahre: LM J\u00f6rg Behrens<\/p>\n\n\n\n<p>50 Jahre: HBM** Thorsten Lange, LM G\u00fcnther Pawlack<\/p>\n\n\n\n<p>70 Jahre: LM Erich Lange<\/p>\n\n\n\n<p>Zu guter Letzt wurde unser Kamerad HLM*** Holger F\u00fcrst durch den Kreisbrandmeister J\u00f6rg Nero mit dem Schleswig-Holsteinischen Feuerwehr-Ehrenkreuz in Silber f\u00fcr sein langj\u00e4hriges Engagement in der Kreisausbildung, u.a. in der Funktion der stellvertretenden Ausbildungsleitung f\u00fcr die Lehrg\u00e4nge Sprechfunken und Grundausbildung F\u00fchrungsgruppen, ausgezeichnet.<\/p>\n\n\n\n<p>Nach kurzen Gru\u00dfworten der Kreis- und Amtswehrf\u00fchrung schloss der stellvertretende Wehrf\u00fchrer Soeren Greve die Versammlung, in dem er auf das zur\u00fcckliegende Jahr in der Corona-Pandemie zur\u00fcckblickte und mit emotionalen Worten an den k\u00fcrzlich unerwartet verstorbenen, langj\u00e4hrigen Schriftf\u00fchrer der Wehr, HFM*** Burkhard St\u00f6lck, erinnerte.<\/p>\n\n\n\n<p>Abschlie\u00dfend lie\u00df man den Abend bei einem gemeinsamen Spanferkel-Essen ausklingen.<\/p>\n\n\n\n<p><\/p>\n\n\n\n<figure class=\"wp-block-image size-large\"><a href=\"https:\/\/i0.wp.com\/www.feuerwehr-wittenborn.de\/wp-content\/uploads\/2021\/09\/Rede-Buergermeister.jpg\"><img decoding=\"async\" loading=\"lazy\" width=\"584\" height=\"438\" src=\"https:\/\/i0.wp.com\/www.feuerwehr-wittenborn.de\/wp-content\/uploads\/2021\/09\/Rede-Buergermeister.jpg?resize=584%2C438\" alt=\"\" class=\"wp-image-1953\" srcset=\"https:\/\/i0.wp.com\/www.feuerwehr-wittenborn.de\/wp-content\/uploads\/2021\/09\/Rede-Buergermeister.jpg?resize=1024%2C768 1024w, https:\/\/i0.wp.com\/www.feuerwehr-wittenborn.de\/wp-content\/uploads\/2021\/09\/Rede-Buergermeister.jpg?resize=300%2C225 300w, https:\/\/i0.wp.com\/www.feuerwehr-wittenborn.de\/wp-content\/uploads\/2021\/09\/Rede-Buergermeister.jpg?resize=768%2C576 768w, https:\/\/i0.wp.com\/www.feuerwehr-wittenborn.de\/wp-content\/uploads\/2021\/09\/Rede-Buergermeister.jpg?resize=1536%2C1152 1536w, https:\/\/i0.wp.com\/www.feuerwehr-wittenborn.de\/wp-content\/uploads\/2021\/09\/Rede-Buergermeister.jpg?resize=400%2C300 400w, https:\/\/i0.wp.com\/www.feuerwehr-wittenborn.de\/wp-content\/uploads\/2021\/09\/Rede-Buergermeister.jpg?w=2048 2048w, https:\/\/i0.wp.com\/www.feuerwehr-wittenborn.de\/wp-content\/uploads\/2021\/09\/Rede-Buergermeister.jpg?w=1168 1168w, https:\/\/i0.wp.com\/www.feuerwehr-wittenborn.de\/wp-content\/uploads\/2021\/09\/Rede-Buergermeister.jpg?w=1752 1752w\" sizes=\"(max-width: 584px) 100vw, 584px\" data-recalc-dims=\"1\" \/><\/a><\/figure>\n\n\n\n<figure class=\"wp-block-image size-large\"><a href=\"https:\/\/i0.wp.com\/www.feuerwehr-wittenborn.de\/wp-content\/uploads\/2021\/09\/Ehrung-Holger-Fuerst.jpg\"><img decoding=\"async\" loading=\"lazy\" width=\"584\" height=\"416\" src=\"https:\/\/i0.wp.com\/www.feuerwehr-wittenborn.de\/wp-content\/uploads\/2021\/09\/Ehrung-Holger-Fuerst.jpg?resize=584%2C416\" alt=\"\" class=\"wp-image-1955\" srcset=\"https:\/\/i0.wp.com\/www.feuerwehr-wittenborn.de\/wp-content\/uploads\/2021\/09\/Ehrung-Holger-Fuerst.jpg?resize=1024%2C729 1024w, https:\/\/i0.wp.com\/www.feuerwehr-wittenborn.de\/wp-content\/uploads\/2021\/09\/Ehrung-Holger-Fuerst.jpg?resize=300%2C214 300w, https:\/\/i0.wp.com\/www.feuerwehr-wittenborn.de\/wp-content\/uploads\/2021\/09\/Ehrung-Holger-Fuerst.jpg?resize=768%2C547 768w, https:\/\/i0.wp.com\/www.feuerwehr-wittenborn.de\/wp-content\/uploads\/2021\/09\/Ehrung-Holger-Fuerst.jpg?resize=421%2C300 421w, https:\/\/i0.wp.com\/www.feuerwehr-wittenborn.de\/wp-content\/uploads\/2021\/09\/Ehrung-Holger-Fuerst.jpg?w=1102 1102w\" sizes=\"(max-width: 584px) 100vw, 584px\" data-recalc-dims=\"1\" \/><\/a><\/figure>\n\n\n\n<figure class=\"wp-block-image size-large\"><a href=\"https:\/\/i0.wp.com\/www.feuerwehr-wittenborn.de\/wp-content\/uploads\/2021\/09\/Ehrung-Erich-Lange.jpg\"><img decoding=\"async\" loading=\"lazy\" width=\"584\" height=\"550\" src=\"https:\/\/i0.wp.com\/www.feuerwehr-wittenborn.de\/wp-content\/uploads\/2021\/09\/Ehrung-Erich-Lange.jpg?resize=584%2C550\" alt=\"\" class=\"wp-image-1954\" srcset=\"https:\/\/i0.wp.com\/www.feuerwehr-wittenborn.de\/wp-content\/uploads\/2021\/09\/Ehrung-Erich-Lange.jpg?w=648 648w, https:\/\/i0.wp.com\/www.feuerwehr-wittenborn.de\/wp-content\/uploads\/2021\/09\/Ehrung-Erich-Lange.jpg?resize=300%2C282 300w, https:\/\/i0.wp.com\/www.feuerwehr-wittenborn.de\/wp-content\/uploads\/2021\/09\/Ehrung-Erich-Lange.jpg?resize=319%2C300 319w\" sizes=\"(max-width: 584px) 100vw, 584px\" data-recalc-dims=\"1\" \/><\/a><\/figure>\n","protected":false},"excerpt":{"rendered":"<p>Wehrf\u00fchrer Gero M\u00fcller begr\u00fc\u00dfte die Kameraden\/-innen der Wehr und er\u00f6ffnete am warmen Freitag Abend sogleich die Jahreshauptversammlung der Freiwilligen Feuerwehr Wittenborn, aufgrund der Pandemiesituation erstmals bei sommerlichen Temperaturen im Feuerwehrhaus und unter Einhaltung der Corona-Richtlinien. Nach einem Totengedenken berichtete er &hellip; <a href=\"http:\/\/www.feuerwehr-wittenborn.de\/?p=1952\">Weiterlesen <span class=\"meta-nav\">&rarr;<\/span><\/a><\/p>\n","protected":false},"author":5,"featured_media":1956,"comment_status":"closed","ping_status":"closed","sticky":false,"template":"","format":"standard","meta":{"jetpack_post_was_ever_published":false,"_jetpack_newsletter_access":"","jetpack_publicize_message":"","jetpack_is_tweetstorm":false,"jetpack_publicize_feature_enabled":true,"jetpack_social_post_already_shared":true,"jetpack_social_options":{"image_generator_settings":{"template":"highway","enabled":false}}},"categories":[15,8],"tags":[],"jetpack_publicize_connections":[],"jetpack_featured_media_url":"https:\/\/i0.wp.com\/www.feuerwehr-wittenborn.de\/wp-content\/uploads\/2021\/09\/JHV-2020.jpg?fit=1600%2C1200","jetpack_shortlink":"https:\/\/wp.me\/p1A8ly-vu","jetpack_sharing_enabled":true,"_links":{"self":[{"href":"http:\/\/www.feuerwehr-wittenborn.de\/index.php?rest_route=\/wp\/v2\/posts\/1952"}],"collection":[{"href":"http:\/\/www.feuerwehr-wittenborn.de\/index.php?rest_route=\/wp\/v2\/posts"}],"about":[{"href":"http:\/\/www.feuerwehr-wittenborn.de\/index.php?rest_route=\/wp\/v2\/types\/post"}],"author":[{"embeddable":true,"href":"http:\/\/www.feuerwehr-wittenborn.de\/index.php?rest_route=\/wp\/v2\/users\/5"}],"replies":[{"embeddable":true,"href":"http:\/\/www.feuerwehr-wittenborn.de\/index.php?rest_route=%2Fwp%2Fv2%2Fcomments&post=1952"}],"version-history":[{"count":3,"href":"http:\/\/www.feuerwehr-wittenborn.de\/index.php?rest_route=\/wp\/v2\/posts\/1952\/revisions"}],"predecessor-version":[{"id":1959,"href":"http:\/\/www.feuerwehr-wittenborn.de\/index.php?rest_route=\/wp\/v2\/posts\/1952\/revisions\/1959"}],"wp:featuredmedia":[{"embeddable":true,"href":"http:\/\/www.feuerwehr-wittenborn.de\/index.php?rest_route=\/wp\/v2\/media\/1956"}],"wp:attachment":[{"href":"http:\/\/www.feuerwehr-wittenborn.de\/index.php?rest_route=%2Fwp%2Fv2%2Fmedia&parent=1952"}],"wp:term":[{"taxonomy":"category","embeddable":true,"href":"http:\/\/www.feuerwehr-wittenborn.de\/index.php?rest_route=%2Fwp%2Fv2%2Fcategories&post=1952"},{"taxonomy":"post_tag","embeddable":true,"href":"http:\/\/www.feuerwehr-wittenborn.de\/index.php?rest_route=%2Fwp%2Fv2%2Ftags&post=1952"}],"curies":[{"name":"wp","href":"https:\/\/api.w.org\/{rel}","templated":true}]}}