{"id":1948,"date":"2021-07-15T20:15:23","date_gmt":"2021-07-15T18:15:23","guid":{"rendered":"http:\/\/www.feuerwehr-wittenborn.de\/?p=1948"},"modified":"2021-07-15T20:15:23","modified_gmt":"2021-07-15T18:15:23","slug":"wir-trauern-mit-den-kameraden-in-altena-und-werdohl","status":"publish","type":"post","link":"http:\/\/www.feuerwehr-wittenborn.de\/?p=1948","title":{"rendered":"Wir trauern mit den Kameraden in Altena und Werdohl"},"content":{"rendered":"\n<p>Im Zusammenhang mit den schweren Unwettern sind in Nordrhein-Westfalen zwei Feuerwehrm\u00e4nner im Einsatz ums Leben gekommen. Sie starben in Altena und Werdohl beim Versuch, der Wassermassen Herr zu werden. Ein Kamerad ertrank als er von rei\u00dfender Str\u00f6mung mitgerissen wurde, der andere starb w\u00e4hrend des Einsatzes an einem internistischen Notfall.<\/p>\n\n\n\n<p>Dar\u00fcber hinaus sind in Rheinland-Pfalz und Nordrhein-Westfalen mindestens neun Menschen ums Leben gekommen. Im besonders betroffenen Ort Schuld im Landkreis Ahrweiler in der Eifel starben mindestens vier Menschen, wie die Polizei in Koblenz erkl\u00e4rte. In Solingen und im Kreis Unna starben zwei M\u00e4nner in \u00fcberfluteten Kellern, ein weiterer Todesfall wurde aus Rheinbach gemeldet.<\/p>\n\n\n\n<p>\u201eDie Ereignisse machen fassungslos und betroffen. In Gedanken sind wir bei den Kameraden der betroffenen Wehren und den Hinterbliebenen. Wir gedenken der beiden Kameraden, die sich f\u00fcr andere eingesetzt haben und dabei ihr Leben lie\u00dfen\u201c, so Landesbrandmeister Frank Homrich: \u201eDies zeigt erneut, dass Feuerwehrdienst auch immer ein gefahrvoller Dienst ist und daher einen ganz besonderen Stellenwert haben muss.\u201c&nbsp;<\/p>\n\n\n\n<p>Die Pr\u00e4sidenten bzw. Vorsitzenden des Deutschen Feuerwehrverbandes, der Arbeitsgemeinschaft der Leiter der Berufsfeuerwehren in Deutschland, des Werkfeuerwehrverbandes Deutschland sowie der Vereinigung zur F\u00f6rderung des Deutschen Brandschutzes bitten die Feuerwehren in ganz Deutschland angesichts der Trauerf\u00e4lle um einen zweiw\u00f6chigen Trauerflor an den Einsatzfahrzeugen.<\/p>\n","protected":false},"excerpt":{"rendered":"<p>Im Zusammenhang mit den schweren Unwettern sind in Nordrhein-Westfalen zwei Feuerwehrm\u00e4nner im Einsatz ums Leben gekommen. Sie starben in Altena und Werdohl beim Versuch, der Wassermassen Herr zu werden. Ein Kamerad ertrank als er von rei\u00dfender Str\u00f6mung mitgerissen wurde, der &hellip; <a href=\"http:\/\/www.feuerwehr-wittenborn.de\/?p=1948\">Weiterlesen <span class=\"meta-nav\">&rarr;<\/span><\/a><\/p>\n","protected":false},"author":4,"featured_media":0,"comment_status":"closed","ping_status":"closed","sticky":false,"template":"","format":"standard","meta":{"jetpack_post_was_ever_published":false,"_jetpack_newsletter_access":"","jetpack_publicize_message":"","jetpack_is_tweetstorm":false,"jetpack_publicize_feature_enabled":true,"jetpack_social_post_already_shared":true,"jetpack_social_options":{"image_generator_settings":{"template":"highway","enabled":false}}},"categories":[36],"tags":[],"jetpack_publicize_connections":[],"jetpack_featured_media_url":"","jetpack_shortlink":"https:\/\/wp.me\/p1A8ly-vq","jetpack_sharing_enabled":true,"_links":{"self":[{"href":"http:\/\/www.feuerwehr-wittenborn.de\/index.php?rest_route=\/wp\/v2\/posts\/1948"}],"collection":[{"href":"http:\/\/www.feuerwehr-wittenborn.de\/index.php?rest_route=\/wp\/v2\/posts"}],"about":[{"href":"http:\/\/www.feuerwehr-wittenborn.de\/index.php?rest_route=\/wp\/v2\/types\/post"}],"author":[{"embeddable":true,"href":"http:\/\/www.feuerwehr-wittenborn.de\/index.php?rest_route=\/wp\/v2\/users\/4"}],"replies":[{"embeddable":true,"href":"http:\/\/www.feuerwehr-wittenborn.de\/index.php?rest_route=%2Fwp%2Fv2%2Fcomments&post=1948"}],"version-history":[{"count":1,"href":"http:\/\/www.feuerwehr-wittenborn.de\/index.php?rest_route=\/wp\/v2\/posts\/1948\/revisions"}],"predecessor-version":[{"id":1949,"href":"http:\/\/www.feuerwehr-wittenborn.de\/index.php?rest_route=\/wp\/v2\/posts\/1948\/revisions\/1949"}],"wp:attachment":[{"href":"http:\/\/www.feuerwehr-wittenborn.de\/index.php?rest_route=%2Fwp%2Fv2%2Fmedia&parent=1948"}],"wp:term":[{"taxonomy":"category","embeddable":true,"href":"http:\/\/www.feuerwehr-wittenborn.de\/index.php?rest_route=%2Fwp%2Fv2%2Fcategories&post=1948"},{"taxonomy":"post_tag","embeddable":true,"href":"http:\/\/www.feuerwehr-wittenborn.de\/index.php?rest_route=%2Fwp%2Fv2%2Ftags&post=1948"}],"curies":[{"name":"wp","href":"https:\/\/api.w.org\/{rel}","templated":true}]}}